{"id":612,"date":"2025-06-23T12:42:01","date_gmt":"2025-06-23T12:42:01","guid":{"rendered":"https:\/\/taekwon.no\/?p=612"},"modified":"2025-06-23T12:42:02","modified_gmt":"2025-06-23T12:42:02","slug":"sommerleir-hamar-2025","status":"publish","type":"post","link":"https:\/\/taekwon.no\/?p=612","title":{"rendered":"Sommerleir Hamar 2025"},"content":{"rendered":"\n<p><\/p>\n<p>\u00a0<\/p>\n<p><strong>VELKOMMEN TIL HAMAR<\/strong><\/p>\n<p> <\/p>\n<p>Sommerleiren er i \u00e5r p\u00e5 Toneheim Folkeh\u00f8yskole utenfor Hamar. Leiren er fra torsdag 26. juni og varer til s\u00f8ndag 29. juni.<br \/>Oppholdet best\u00e5r av mange treninger og sosialt samv\u00e6r. Instrukt\u00f8rene vil v\u00e6re de beste i landet s\u00e5 her er det mulighet til \u00e5 f\u00e5 mye god TKD undervisning. For p\u00e5melding og informasjon, se <a href=\"https:\/\/www.letsreg.com\/no\/event\/sommerleir_hamar_2025_26062025#init\" data-type=\"link\" data-id=\"https:\/\/www.letsreg.com\/no\/event\/sommerleir_hamar_2025_26062025#init\">letsreg.com<\/a><\/p>\n<p><\/p>\n","protected":false},"excerpt":{"rendered":"<p>\u00a0 VELKOMMEN TIL HAMAR Sommerleiren er i \u00e5r p\u00e5 Toneheim Folkeh\u00f8yskole utenfor Hamar. Leiren er fra torsdag 26. juni og varer til s\u00f8ndag 29. juni.Oppholdet best\u00e5r av mange treninger og sosialt samv\u00e6r. Instrukt\u00f8rene vil v\u00e6re de beste i landet s\u00e5 her er det mulighet til \u00e5 f\u00e5 mye god TKD undervisning. For p\u00e5melding og informasjon, [&hellip;]<\/p>\n","protected":false},"author":4,"featured_media":0,"comment_status":"closed","ping_status":"closed","sticky":false,"template":"","format":"standard","meta":{"footnotes":""},"categories":[2],"tags":[],"class_list":["post-612","post","type-post","status-publish","format-standard","hentry","category-nyheter"],"_links":{"self":[{"href":"https:\/\/taekwon.no\/index.php?rest_route=\/wp\/v2\/posts\/612","targetHints":{"allow":["GET"]}}],"collection":[{"href":"https:\/\/taekwon.no\/index.php?rest_route=\/wp\/v2\/posts"}],"about":[{"href":"https:\/\/taekwon.no\/index.php?rest_route=\/wp\/v2\/types\/post"}],"author":[{"embeddable":true,"href":"https:\/\/taekwon.no\/index.php?rest_route=\/wp\/v2\/users\/4"}],"replies":[{"embeddable":true,"href":"https:\/\/taekwon.no\/index.php?rest_route=%2Fwp%2Fv2%2Fcomments&post=612"}],"version-history":[{"count":1,"href":"https:\/\/taekwon.no\/index.php?rest_route=\/wp\/v2\/posts\/612\/revisions"}],"predecessor-version":[{"id":613,"href":"https:\/\/taekwon.no\/index.php?rest_route=\/wp\/v2\/posts\/612\/revisions\/613"}],"wp:attachment":[{"href":"https:\/\/taekwon.no\/index.php?rest_route=%2Fwp%2Fv2%2Fmedia&parent=612"}],"wp:term":[{"taxonomy":"category","embeddable":true,"href":"https:\/\/taekwon.no\/index.php?rest_route=%2Fwp%2Fv2%2Fcategories&post=612"},{"taxonomy":"post_tag","embeddable":true,"href":"https:\/\/taekwon.no\/index.php?rest_route=%2Fwp%2Fv2%2Ftags&post=612"}],"curies":[{"name":"wp","href":"https:\/\/api.w.org\/{rel}","templated":true}]}}